{"id":13252,"date":"2025-06-12T10:30:07","date_gmt":"2025-06-12T07:30:07","guid":{"rendered":"https:\/\/lonnstromintaidemuseo.fi\/?p=13252"},"modified":"2025-06-12T10:35:18","modified_gmt":"2025-06-12T07:35:18","slug":"terike-haapoja-har-valts-till-konstnar-for-det-attonde-lonnstrom-projektet","status":"publish","type":"post","link":"https:\/\/lonnstromintaidemuseo.fi\/sv\/terike-haapoja-har-valts-till-konstnar-for-det-attonde-lonnstrom-projektet","title":{"rendered":"Terike Haapoja har valts till konstn\u00e4r f\u00f6r det \u00e5ttonde L\u00f6nnstr\u00f6m-projektet"},"content":{"rendered":"","protected":false},"excerpt":{"rendered":"","protected":false},"author":4,"featured_media":0,"comment_status":"closed","ping_status":"open","sticky":false,"template":"","format":"link","meta":{"footnotes":""},"categories":[46],"tags":[],"class_list":{"0":"post-13252","1":"post","2":"type-post","3":"status-publish","4":"format-link","6":"category-pressmeddelanden","7":"post_format-post-format-link"},"yoast_head":"<!-- This site is optimized with the Yoast SEO plugin v27.3 - https:\/\/yoast.com\/product\/yoast-seo-wordpress\/ -->\n<title>Terike Haapoja har valts till konstn\u00e4r f\u00f6r det \u00e5ttonde L\u00f6nnstr\u00f6m-projektet | L&ouml;nnstr&ouml;min taidemuseo<\/title>\n<meta name=\"robots\" content=\"index, follow, max-snippet:-1, max-image-preview:large, max-video-preview:-1\" \/>\n<link rel=\"canonical\" href=\"https:\/\/lonnstromintaidemuseo.fi\/sv\/terike-haapoja-har-valts-till-konstnar-for-det-attonde-lonnstrom-projektet\" \/>\n<meta property=\"og:locale\" content=\"sv_SE\" \/>\n<meta property=\"og:type\" content=\"article\" \/>\n<meta property=\"og:title\" content=\"Terike Haapoja har valts till konstn\u00e4r f\u00f6r det \u00e5ttonde L\u00f6nnstr\u00f6m-projektet | L&ouml;nnstr&ouml;min taidemuseo\" \/>\n<meta property=\"og:url\" content=\"https:\/\/lonnstromintaidemuseo.fi\/sv\/terike-haapoja-har-valts-till-konstnar-for-det-attonde-lonnstrom-projektet\" \/>\n<meta property=\"og:site_name\" content=\"L&ouml;nnstr&ouml;min taidemuseo\" \/>\n<meta property=\"article:publisher\" content=\"https:\/\/www.facebook.com\/lonnstromintaidemuseo\" \/>\n<meta property=\"article:published_time\" content=\"2025-06-12T07:30:07+00:00\" \/>\n<meta property=\"article:modified_time\" content=\"2025-06-12T07:35:18+00:00\" \/>\n<meta property=\"og:image\" content=\"https:\/\/lonnstromintaidemuseo.fi\/wp-content\/uploads\/2021\/12\/lonnstrom-somekuva_1200x630px.jpg\" \/>\n\t<meta property=\"og:image:width\" content=\"1200\" \/>\n\t<meta property=\"og:image:height\" content=\"630\" \/>\n\t<meta property=\"og:image:type\" content=\"image\/jpeg\" \/>\n<meta name=\"author\" content=\"Raija Heikola\" \/>\n<meta name=\"twitter:card\" content=\"summary_large_image\" \/>\n<meta name=\"twitter:creator\" content=\"@LonnstromMuseum\" \/>\n<meta name=\"twitter:site\" content=\"@LonnstromMuseum\" \/>\n<meta name=\"twitter:label1\" content=\"Skriven av\" \/>\n\t<meta name=\"twitter:data1\" content=\"Raija Heikola\" \/>\n<script type=\"application\/ld+json\" class=\"yoast-schema-graph\">{\"@context\":\"https:\\\/\\\/schema.org\",\"@graph\":[{\"@type\":\"Article\",\"@id\":\"https:\\\/\\\/lonnstromintaidemuseo.fi\\\/sv\\\/terike-haapoja-har-valts-till-konstnar-for-det-attonde-lonnstrom-projektet#article\",\"isPartOf\":{\"@id\":\"https:\\\/\\\/lonnstromintaidemuseo.fi\\\/sv\\\/terike-haapoja-har-valts-till-konstnar-for-det-attonde-lonnstrom-projektet\"},\"author\":{\"name\":\"Raija Heikola\",\"@id\":\"https:\\\/\\\/lonnstromintaidemuseo.fi\\\/sv\\\/#\\\/schema\\\/person\\\/8485b72c89d5a7b8800b2b2a0c04d2c3\"},\"headline\":\"Terike Haapoja har valts till konstn\u00e4r f\u00f6r det \u00e5ttonde L\u00f6nnstr\u00f6m-projektet\",\"datePublished\":\"2025-06-12T07:30:07+00:00\",\"dateModified\":\"2025-06-12T07:35:18+00:00\",\"mainEntityOfPage\":{\"@id\":\"https:\\\/\\\/lonnstromintaidemuseo.fi\\\/sv\\\/terike-haapoja-har-valts-till-konstnar-for-det-attonde-lonnstrom-projektet\"},\"wordCount\":14,\"publisher\":{\"@id\":\"https:\\\/\\\/lonnstromintaidemuseo.fi\\\/sv\\\/#organization\"},\"articleSection\":[\"Pressmeddelanden\"],\"inLanguage\":\"sv-SE\"},{\"@type\":\"WebPage\",\"@id\":\"https:\\\/\\\/lonnstromintaidemuseo.fi\\\/sv\\\/terike-haapoja-har-valts-till-konstnar-for-det-attonde-lonnstrom-projektet\",\"url\":\"https:\\\/\\\/lonnstromintaidemuseo.fi\\\/sv\\\/terike-haapoja-har-valts-till-konstnar-for-det-attonde-lonnstrom-projektet\",\"name\":\"Terike Haapoja har valts till konstn\u00e4r f\u00f6r det \u00e5ttonde L\u00f6nnstr\u00f6m-projektet | L&ouml;nnstr&ouml;min taidemuseo\",\"isPartOf\":{\"@id\":\"https:\\\/\\\/lonnstromintaidemuseo.fi\\\/sv\\\/#website\"},\"datePublished\":\"2025-06-12T07:30:07+00:00\",\"dateModified\":\"2025-06-12T07:35:18+00:00\",\"breadcrumb\":{\"@id\":\"https:\\\/\\\/lonnstromintaidemuseo.fi\\\/sv\\\/terike-haapoja-har-valts-till-konstnar-for-det-attonde-lonnstrom-projektet#breadcrumb\"},\"inLanguage\":\"sv-SE\",\"potentialAction\":[{\"@type\":\"ReadAction\",\"target\":[\"https:\\\/\\\/lonnstromintaidemuseo.fi\\\/sv\\\/terike-haapoja-har-valts-till-konstnar-for-det-attonde-lonnstrom-projektet\"]}]},{\"@type\":\"BreadcrumbList\",\"@id\":\"https:\\\/\\\/lonnstromintaidemuseo.fi\\\/sv\\\/terike-haapoja-har-valts-till-konstnar-for-det-attonde-lonnstrom-projektet#breadcrumb\",\"itemListElement\":[{\"@type\":\"ListItem\",\"position\":1,\"name\":\"Etusivu\",\"item\":\"https:\\\/\\\/lonnstromintaidemuseo.fi\\\/sv\"},{\"@type\":\"ListItem\",\"position\":2,\"name\":\"Terike Haapoja har valts till konstn\u00e4r f\u00f6r det \u00e5ttonde L\u00f6nnstr\u00f6m-projektet\"}]},{\"@type\":\"WebSite\",\"@id\":\"https:\\\/\\\/lonnstromintaidemuseo.fi\\\/sv\\\/#website\",\"url\":\"https:\\\/\\\/lonnstromintaidemuseo.fi\\\/sv\\\/\",\"name\":\"L&ouml;nnstr&ouml;min taidemuseo\",\"description\":\"L&ouml;nnstr&ouml;min taidemuseo, Teresia ja Rafael L&ouml;nnstr&ouml;min kotimuseo, L&ouml;nnstr&ouml;min taidemuseo sr\",\"publisher\":{\"@id\":\"https:\\\/\\\/lonnstromintaidemuseo.fi\\\/sv\\\/#organization\"},\"potentialAction\":[{\"@type\":\"SearchAction\",\"target\":{\"@type\":\"EntryPoint\",\"urlTemplate\":\"https:\\\/\\\/lonnstromintaidemuseo.fi\\\/sv\\\/?s={search_term_string}\"},\"query-input\":{\"@type\":\"PropertyValueSpecification\",\"valueRequired\":true,\"valueName\":\"search_term_string\"}}],\"inLanguage\":\"sv-SE\"},{\"@type\":\"Organization\",\"@id\":\"https:\\\/\\\/lonnstromintaidemuseo.fi\\\/sv\\\/#organization\",\"name\":\"L\u00f6nnstr\u00f6min taidemuseo\",\"url\":\"https:\\\/\\\/lonnstromintaidemuseo.fi\\\/sv\\\/\",\"logo\":{\"@type\":\"ImageObject\",\"inLanguage\":\"sv-SE\",\"@id\":\"https:\\\/\\\/lonnstromintaidemuseo.fi\\\/sv\\\/#\\\/schema\\\/logo\\\/image\\\/\",\"url\":\"https:\\\/\\\/lonnstromintaidemuseo.fi\\\/wp-content\\\/uploads\\\/2021\\\/09\\\/lo\u0308nnstro\u0308min_taidemuseo_logo_1000.png\",\"contentUrl\":\"https:\\\/\\\/lonnstromintaidemuseo.fi\\\/wp-content\\\/uploads\\\/2021\\\/09\\\/lo\u0308nnstro\u0308min_taidemuseo_logo_1000.png\",\"width\":1000,\"height\":244,\"caption\":\"L\u00f6nnstr\u00f6min taidemuseo\"},\"image\":{\"@id\":\"https:\\\/\\\/lonnstromintaidemuseo.fi\\\/sv\\\/#\\\/schema\\\/logo\\\/image\\\/\"},\"sameAs\":[\"https:\\\/\\\/www.facebook.com\\\/lonnstromintaidemuseo\",\"https:\\\/\\\/x.com\\\/LonnstromMuseum\",\"https:\\\/\\\/www.instagram.com\\\/lonnstrom_museums\\\/\",\"https:\\\/\\\/www.youtube.com\\\/channel\\\/UCgvq_7384UyfkUqMV8B0UWQ\\\/featured\"]},{\"@type\":\"Person\",\"@id\":\"https:\\\/\\\/lonnstromintaidemuseo.fi\\\/sv\\\/#\\\/schema\\\/person\\\/8485b72c89d5a7b8800b2b2a0c04d2c3\",\"name\":\"Raija Heikola\",\"url\":\"https:\\\/\\\/lonnstromintaidemuseo.fi\\\/sv\\\/author\\\/admin_raija\"}]}<\/script>\n<!-- \/ Yoast SEO plugin. -->","yoast_head_json":{"title":"Terike Haapoja har valts till konstn\u00e4r f\u00f6r det \u00e5ttonde L\u00f6nnstr\u00f6m-projektet | L&ouml;nnstr&ouml;min taidemuseo","robots":{"index":"index","follow":"follow","max-snippet":"max-snippet:-1","max-image-preview":"max-image-preview:large","max-video-preview":"max-video-preview:-1"},"canonical":"https:\/\/lonnstromintaidemuseo.fi\/sv\/terike-haapoja-har-valts-till-konstnar-for-det-attonde-lonnstrom-projektet","og_locale":"sv_SE","og_type":"article","og_title":"Terike Haapoja har valts till konstn\u00e4r f\u00f6r det \u00e5ttonde L\u00f6nnstr\u00f6m-projektet | L&ouml;nnstr&ouml;min taidemuseo","og_url":"https:\/\/lonnstromintaidemuseo.fi\/sv\/terike-haapoja-har-valts-till-konstnar-for-det-attonde-lonnstrom-projektet","og_site_name":"L&ouml;nnstr&ouml;min taidemuseo","article_publisher":"https:\/\/www.facebook.com\/lonnstromintaidemuseo","article_published_time":"2025-06-12T07:30:07+00:00","article_modified_time":"2025-06-12T07:35:18+00:00","og_image":[{"width":1200,"height":630,"url":"https:\/\/lonnstromintaidemuseo.fi\/wp-content\/uploads\/2021\/12\/lonnstrom-somekuva_1200x630px.jpg","type":"image\/jpeg"}],"author":"Raija Heikola","twitter_card":"summary_large_image","twitter_creator":"@LonnstromMuseum","twitter_site":"@LonnstromMuseum","twitter_misc":{"Skriven av":"Raija Heikola"},"schema":{"@context":"https:\/\/schema.org","@graph":[{"@type":"Article","@id":"https:\/\/lonnstromintaidemuseo.fi\/sv\/terike-haapoja-har-valts-till-konstnar-for-det-attonde-lonnstrom-projektet#article","isPartOf":{"@id":"https:\/\/lonnstromintaidemuseo.fi\/sv\/terike-haapoja-har-valts-till-konstnar-for-det-attonde-lonnstrom-projektet"},"author":{"name":"Raija Heikola","@id":"https:\/\/lonnstromintaidemuseo.fi\/sv\/#\/schema\/person\/8485b72c89d5a7b8800b2b2a0c04d2c3"},"headline":"Terike Haapoja har valts till konstn\u00e4r f\u00f6r det \u00e5ttonde L\u00f6nnstr\u00f6m-projektet","datePublished":"2025-06-12T07:30:07+00:00","dateModified":"2025-06-12T07:35:18+00:00","mainEntityOfPage":{"@id":"https:\/\/lonnstromintaidemuseo.fi\/sv\/terike-haapoja-har-valts-till-konstnar-for-det-attonde-lonnstrom-projektet"},"wordCount":14,"publisher":{"@id":"https:\/\/lonnstromintaidemuseo.fi\/sv\/#organization"},"articleSection":["Pressmeddelanden"],"inLanguage":"sv-SE"},{"@type":"WebPage","@id":"https:\/\/lonnstromintaidemuseo.fi\/sv\/terike-haapoja-har-valts-till-konstnar-for-det-attonde-lonnstrom-projektet","url":"https:\/\/lonnstromintaidemuseo.fi\/sv\/terike-haapoja-har-valts-till-konstnar-for-det-attonde-lonnstrom-projektet","name":"Terike Haapoja har valts till konstn\u00e4r f\u00f6r det \u00e5ttonde L\u00f6nnstr\u00f6m-projektet | L&ouml;nnstr&ouml;min taidemuseo","isPartOf":{"@id":"https:\/\/lonnstromintaidemuseo.fi\/sv\/#website"},"datePublished":"2025-06-12T07:30:07+00:00","dateModified":"2025-06-12T07:35:18+00:00","breadcrumb":{"@id":"https:\/\/lonnstromintaidemuseo.fi\/sv\/terike-haapoja-har-valts-till-konstnar-for-det-attonde-lonnstrom-projektet#breadcrumb"},"inLanguage":"sv-SE","potentialAction":[{"@type":"ReadAction","target":["https:\/\/lonnstromintaidemuseo.fi\/sv\/terike-haapoja-har-valts-till-konstnar-for-det-attonde-lonnstrom-projektet"]}]},{"@type":"BreadcrumbList","@id":"https:\/\/lonnstromintaidemuseo.fi\/sv\/terike-haapoja-har-valts-till-konstnar-for-det-attonde-lonnstrom-projektet#breadcrumb","itemListElement":[{"@type":"ListItem","position":1,"name":"Etusivu","item":"https:\/\/lonnstromintaidemuseo.fi\/sv"},{"@type":"ListItem","position":2,"name":"Terike Haapoja har valts till konstn\u00e4r f\u00f6r det \u00e5ttonde L\u00f6nnstr\u00f6m-projektet"}]},{"@type":"WebSite","@id":"https:\/\/lonnstromintaidemuseo.fi\/sv\/#website","url":"https:\/\/lonnstromintaidemuseo.fi\/sv\/","name":"L&ouml;nnstr&ouml;min taidemuseo","description":"L&ouml;nnstr&ouml;min taidemuseo, Teresia ja Rafael L&ouml;nnstr&ouml;min kotimuseo, L&ouml;nnstr&ouml;min taidemuseo sr","publisher":{"@id":"https:\/\/lonnstromintaidemuseo.fi\/sv\/#organization"},"potentialAction":[{"@type":"SearchAction","target":{"@type":"EntryPoint","urlTemplate":"https:\/\/lonnstromintaidemuseo.fi\/sv\/?s={search_term_string}"},"query-input":{"@type":"PropertyValueSpecification","valueRequired":true,"valueName":"search_term_string"}}],"inLanguage":"sv-SE"},{"@type":"Organization","@id":"https:\/\/lonnstromintaidemuseo.fi\/sv\/#organization","name":"L\u00f6nnstr\u00f6min taidemuseo","url":"https:\/\/lonnstromintaidemuseo.fi\/sv\/","logo":{"@type":"ImageObject","inLanguage":"sv-SE","@id":"https:\/\/lonnstromintaidemuseo.fi\/sv\/#\/schema\/logo\/image\/","url":"https:\/\/lonnstromintaidemuseo.fi\/wp-content\/uploads\/2021\/09\/lo\u0308nnstro\u0308min_taidemuseo_logo_1000.png","contentUrl":"https:\/\/lonnstromintaidemuseo.fi\/wp-content\/uploads\/2021\/09\/lo\u0308nnstro\u0308min_taidemuseo_logo_1000.png","width":1000,"height":244,"caption":"L\u00f6nnstr\u00f6min taidemuseo"},"image":{"@id":"https:\/\/lonnstromintaidemuseo.fi\/sv\/#\/schema\/logo\/image\/"},"sameAs":["https:\/\/www.facebook.com\/lonnstromintaidemuseo","https:\/\/x.com\/LonnstromMuseum","https:\/\/www.instagram.com\/lonnstrom_museums\/","https:\/\/www.youtube.com\/channel\/UCgvq_7384UyfkUqMV8B0UWQ\/featured"]},{"@type":"Person","@id":"https:\/\/lonnstromintaidemuseo.fi\/sv\/#\/schema\/person\/8485b72c89d5a7b8800b2b2a0c04d2c3","name":"Raija Heikola","url":"https:\/\/lonnstromintaidemuseo.fi\/sv\/author\/admin_raija"}]}},"_links":{"self":[{"href":"https:\/\/lonnstromintaidemuseo.fi\/sv\/wp-json\/wp\/v2\/posts\/13252","targetHints":{"allow":["GET"]}}],"collection":[{"href":"https:\/\/lonnstromintaidemuseo.fi\/sv\/wp-json\/wp\/v2\/posts"}],"about":[{"href":"https:\/\/lonnstromintaidemuseo.fi\/sv\/wp-json\/wp\/v2\/types\/post"}],"author":[{"embeddable":true,"href":"https:\/\/lonnstromintaidemuseo.fi\/sv\/wp-json\/wp\/v2\/users\/4"}],"replies":[{"embeddable":true,"href":"https:\/\/lonnstromintaidemuseo.fi\/sv\/wp-json\/wp\/v2\/comments?post=13252"}],"version-history":[{"count":3,"href":"https:\/\/lonnstromintaidemuseo.fi\/sv\/wp-json\/wp\/v2\/posts\/13252\/revisions"}],"predecessor-version":[{"id":13258,"href":"https:\/\/lonnstromintaidemuseo.fi\/sv\/wp-json\/wp\/v2\/posts\/13252\/revisions\/13258"}],"wp:attachment":[{"href":"https:\/\/lonnstromintaidemuseo.fi\/sv\/wp-json\/wp\/v2\/media?parent=13252"}],"wp:term":[{"taxonomy":"category","embeddable":true,"href":"https:\/\/lonnstromintaidemuseo.fi\/sv\/wp-json\/wp\/v2\/categories?post=13252"},{"taxonomy":"post_tag","embeddable":true,"href":"https:\/\/lonnstromintaidemuseo.fi\/sv\/wp-json\/wp\/v2\/tags?post=13252"}],"curies":[{"name":"wp","href":"https:\/\/api.w.org\/{rel}","templated":true}]}}